{"id":14486,"date":"2019-04-23T12:43:43","date_gmt":"2019-04-23T10:43:43","guid":{"rendered":"https:\/\/nueva.elmejorjamon.es\/quem-somos\/"},"modified":"2025-07-17T14:12:39","modified_gmt":"2025-07-17T12:12:39","slug":"quem-somos","status":"publish","type":"post","link":"https:\/\/elmejorjamon.es\/pt\/quem-somos\/","title":{"rendered":"Quem somos"},"content":{"rendered":"<h2><img loading=\"lazy\" decoding=\"async\" class=\" size-full wp-image-19\" src=\"https:\/\/elmejorjamon.es\/wp-content\/uploads\/2019\/04\/bodega.jpg\" alt=\"\" width=\"1000\" height=\"321\" srcset=\"https:\/\/elmejorjamon.es\/wp-content\/uploads\/2019\/04\/bodega.jpg 1000w, https:\/\/elmejorjamon.es\/wp-content\/uploads\/2019\/04\/bodega-980x315.jpg 980w, https:\/\/elmejorjamon.es\/wp-content\/uploads\/2019\/04\/bodega-480x154.jpg 480w\" sizes=\"(min-width: 0px) and (max-width: 480px) 480px, (min-width: 481px) and (max-width: 980px) 980px, (min-width: 981px) 1000px, 100vw\" \/><\/h2>\n<h3><\/h3>\n<p>A Valls Alimentaci\u00f3n dedica-se \u00e0 venda e distribui\u00e7\u00e3o de produtos alimentares h\u00e1 mais de 40 anos. Dispomos de instala\u00e7\u00f5es modernas com um armaz\u00e9m refrigerado polivalente e uma cave de presuntos com temperatura e humidade controladas.<\/p>\n<p>Valls Alimentaci\u00f3n, S.L.<\/p>\n<p>Hortel\u00e3, 7<\/p>\n<p>Zona Industrial Tres Hermanas<\/p>\n<p>03680 Aspe<\/p>\n<p>(Alicante)<\/p>\n<p>Tlf: 965463401<\/p>\n<p>N.\u00ba DE IVA: B03675477<\/p>\n","protected":false},"excerpt":{"rendered":"<p>A Valls Alimentaci\u00f3n dedica-se \u00e0 venda e distribui\u00e7\u00e3o de produtos alimentares h\u00e1 mais de 40 anos. Dispomos de instala\u00e7\u00f5es modernas com um armaz\u00e9m refrigerado polivalente e uma cave de presuntos com temperatura e humidade controladas. Valls Alimentaci\u00f3n, S.L. Hortel\u00e3, 7 Zona Industrial Tres Hermanas 03680 Aspe (Alicante) Tlf: 965463401 N.\u00ba DE IVA: B03675477<\/p>\n","protected":false},"author":2,"featured_media":0,"comment_status":"closed","ping_status":"open","sticky":false,"template":"","format":"standard","meta":{"_et_pb_use_builder":"","_et_pb_old_content":"","_et_gb_content_width":"","_sitemap_exclude":false,"_sitemap_priority":"","_sitemap_frequency":"","footnotes":""},"categories":[791],"tags":[],"class_list":["post-14486","post","type-post","status-publish","format-standard","hentry","category-comecar"],"yoast_head":"<!-- This site is optimized with the Yoast SEO plugin v27.4 - https:\/\/yoast.com\/product\/yoast-seo-wordpress\/ -->\n<title>Quem somos - El Mejor Jam\u00f3n<\/title>\n<meta name=\"robots\" content=\"index, follow, max-snippet:-1, max-image-preview:large, max-video-preview:-1\" \/>\n<link rel=\"canonical\" href=\"https:\/\/elmejorjamon.es\/pt\/quem-somos\/\" \/>\n<meta property=\"og:locale\" content=\"pt_PT\" \/>\n<meta property=\"og:type\" content=\"article\" \/>\n<meta property=\"og:title\" content=\"Quem somos - El Mejor Jam\u00f3n\" \/>\n<meta property=\"og:description\" content=\"A Valls Alimentaci\u00f3n dedica-se \u00e0 venda e distribui\u00e7\u00e3o de produtos alimentares h\u00e1 mais de 40 anos. Dispomos de instala\u00e7\u00f5es modernas com um armaz\u00e9m refrigerado polivalente e uma cave de presuntos com temperatura e humidade controladas. Valls Alimentaci\u00f3n, S.L. Hortel\u00e3, 7 Zona Industrial Tres Hermanas 03680 Aspe (Alicante) Tlf: 965463401 N.\u00ba DE IVA: B03675477\" \/>\n<meta property=\"og:url\" content=\"https:\/\/elmejorjamon.es\/pt\/quem-somos\/\" \/>\n<meta property=\"og:site_name\" content=\"El Mejor Jam\u00f3n\" \/>\n<meta property=\"article:publisher\" content=\"https:\/\/www.facebook.com\/elmejorjamonweb\" \/>\n<meta property=\"article:published_time\" content=\"2019-04-23T10:43:43+00:00\" \/>\n<meta property=\"article:modified_time\" content=\"2025-07-17T12:12:39+00:00\" \/>\n<meta property=\"og:image\" content=\"https:\/\/elmejorjamon.es\/wp-content\/uploads\/2019\/04\/bodega.jpg\" \/>\n\t<meta property=\"og:image:width\" content=\"1000\" \/>\n\t<meta property=\"og:image:height\" content=\"321\" \/>\n\t<meta property=\"og:image:type\" content=\"image\/jpeg\" \/>\n<meta name=\"author\" content=\"soportexyz\" \/>\n<meta name=\"twitter:card\" content=\"summary_large_image\" \/>\n<meta name=\"twitter:creator\" content=\"@elmejorjamonweb\" \/>\n<meta name=\"twitter:site\" content=\"@elmejorjamonweb\" \/>\n<meta name=\"twitter:label1\" content=\"Escrito por\" \/>\n\t<meta name=\"twitter:data1\" content=\"soportexyz\" \/>\n\t<meta name=\"twitter:label2\" content=\"Tempo estimado de leitura\" \/>\n\t<meta name=\"twitter:data2\" content=\"1 minuto\" \/>\n<script type=\"application\/ld+json\" class=\"yoast-schema-graph\">{\"@context\":\"https:\\\/\\\/schema.org\",\"@graph\":[{\"@type\":\"Article\",\"@id\":\"https:\\\/\\\/elmejorjamon.es\\\/pt\\\/quem-somos\\\/#article\",\"isPartOf\":{\"@id\":\"https:\\\/\\\/elmejorjamon.es\\\/pt\\\/quem-somos\\\/\"},\"author\":{\"name\":\"soportexyz\",\"@id\":\"https:\\\/\\\/elmejorjamon.es\\\/#\\\/schema\\\/person\\\/e07d5d3a623f96512748ce128999ac6b\"},\"headline\":\"Quem somos\",\"datePublished\":\"2019-04-23T10:43:43+00:00\",\"dateModified\":\"2025-07-17T12:12:39+00:00\",\"mainEntityOfPage\":{\"@id\":\"https:\\\/\\\/elmejorjamon.es\\\/pt\\\/quem-somos\\\/\"},\"wordCount\":56,\"publisher\":{\"@id\":\"https:\\\/\\\/elmejorjamon.es\\\/#organization\"},\"image\":{\"@id\":\"https:\\\/\\\/elmejorjamon.es\\\/pt\\\/quem-somos\\\/#primaryimage\"},\"thumbnailUrl\":\"https:\\\/\\\/elmejorjamon.es\\\/wp-content\\\/uploads\\\/2019\\\/04\\\/bodega.jpg\",\"articleSection\":[\"Come\u00e7ar\"],\"inLanguage\":\"pt-PT\"},{\"@type\":\"WebPage\",\"@id\":\"https:\\\/\\\/elmejorjamon.es\\\/pt\\\/quem-somos\\\/\",\"url\":\"https:\\\/\\\/elmejorjamon.es\\\/pt\\\/quem-somos\\\/\",\"name\":\"Quem somos - El Mejor Jam\u00f3n\",\"isPartOf\":{\"@id\":\"https:\\\/\\\/elmejorjamon.es\\\/#website\"},\"primaryImageOfPage\":{\"@id\":\"https:\\\/\\\/elmejorjamon.es\\\/pt\\\/quem-somos\\\/#primaryimage\"},\"image\":{\"@id\":\"https:\\\/\\\/elmejorjamon.es\\\/pt\\\/quem-somos\\\/#primaryimage\"},\"thumbnailUrl\":\"https:\\\/\\\/elmejorjamon.es\\\/wp-content\\\/uploads\\\/2019\\\/04\\\/bodega.jpg\",\"datePublished\":\"2019-04-23T10:43:43+00:00\",\"dateModified\":\"2025-07-17T12:12:39+00:00\",\"breadcrumb\":{\"@id\":\"https:\\\/\\\/elmejorjamon.es\\\/pt\\\/quem-somos\\\/#breadcrumb\"},\"inLanguage\":\"pt-PT\",\"potentialAction\":[{\"@type\":\"ReadAction\",\"target\":[\"https:\\\/\\\/elmejorjamon.es\\\/pt\\\/quem-somos\\\/\"]}]},{\"@type\":\"ImageObject\",\"inLanguage\":\"pt-PT\",\"@id\":\"https:\\\/\\\/elmejorjamon.es\\\/pt\\\/quem-somos\\\/#primaryimage\",\"url\":\"https:\\\/\\\/elmejorjamon.es\\\/wp-content\\\/uploads\\\/2019\\\/04\\\/bodega.jpg\",\"contentUrl\":\"https:\\\/\\\/elmejorjamon.es\\\/wp-content\\\/uploads\\\/2019\\\/04\\\/bodega.jpg\"},{\"@type\":\"BreadcrumbList\",\"@id\":\"https:\\\/\\\/elmejorjamon.es\\\/pt\\\/quem-somos\\\/#breadcrumb\",\"itemListElement\":[{\"@type\":\"ListItem\",\"position\":1,\"name\":\"Portada\",\"item\":\"https:\\\/\\\/elmejorjamon.es\\\/pt\\\/\"},{\"@type\":\"ListItem\",\"position\":2,\"name\":\"Quem somos\"}]},{\"@type\":\"WebSite\",\"@id\":\"https:\\\/\\\/elmejorjamon.es\\\/#website\",\"url\":\"https:\\\/\\\/elmejorjamon.es\\\/\",\"name\":\"El Mejor Jam\u00f3n\",\"description\":\"Comprar jamones y embutidos a buen precio\",\"publisher\":{\"@id\":\"https:\\\/\\\/elmejorjamon.es\\\/#organization\"},\"potentialAction\":[{\"@type\":\"SearchAction\",\"target\":{\"@type\":\"EntryPoint\",\"urlTemplate\":\"https:\\\/\\\/elmejorjamon.es\\\/?s={search_term_string}\"},\"query-input\":{\"@type\":\"PropertyValueSpecification\",\"valueRequired\":true,\"valueName\":\"search_term_string\"}}],\"inLanguage\":\"pt-PT\"},{\"@type\":\"Organization\",\"@id\":\"https:\\\/\\\/elmejorjamon.es\\\/#organization\",\"name\":\"El Mejor Jam\u00f3n\",\"url\":\"https:\\\/\\\/elmejorjamon.es\\\/\",\"logo\":{\"@type\":\"ImageObject\",\"inLanguage\":\"pt-PT\",\"@id\":\"https:\\\/\\\/elmejorjamon.es\\\/#\\\/schema\\\/logo\\\/image\\\/\",\"url\":\"https:\\\/\\\/elmejorjamon.es\\\/wp-content\\\/uploads\\\/2025\\\/01\\\/logocorreos.png\",\"contentUrl\":\"https:\\\/\\\/elmejorjamon.es\\\/wp-content\\\/uploads\\\/2025\\\/01\\\/logocorreos.png\",\"width\":277,\"height\":200,\"caption\":\"El Mejor Jam\u00f3n\"},\"image\":{\"@id\":\"https:\\\/\\\/elmejorjamon.es\\\/#\\\/schema\\\/logo\\\/image\\\/\"},\"sameAs\":[\"https:\\\/\\\/www.facebook.com\\\/elmejorjamonweb\",\"https:\\\/\\\/x.com\\\/elmejorjamonweb\",\"https:\\\/\\\/www.instagram.com\\\/elmejorjamonweb\\\/\"]},{\"@type\":\"Person\",\"@id\":\"https:\\\/\\\/elmejorjamon.es\\\/#\\\/schema\\\/person\\\/e07d5d3a623f96512748ce128999ac6b\",\"name\":\"soportexyz\",\"image\":{\"@type\":\"ImageObject\",\"inLanguage\":\"pt-PT\",\"@id\":\"https:\\\/\\\/secure.gravatar.com\\\/avatar\\\/0505f46ac799f829518e90f77802a1a1def1b52f67b32fcfa664f1446aee3f69?s=96&d=mm&r=g\",\"url\":\"https:\\\/\\\/secure.gravatar.com\\\/avatar\\\/0505f46ac799f829518e90f77802a1a1def1b52f67b32fcfa664f1446aee3f69?s=96&d=mm&r=g\",\"contentUrl\":\"https:\\\/\\\/secure.gravatar.com\\\/avatar\\\/0505f46ac799f829518e90f77802a1a1def1b52f67b32fcfa664f1446aee3f69?s=96&d=mm&r=g\",\"caption\":\"soportexyz\"},\"url\":\"https:\\\/\\\/elmejorjamon.es\\\/pt\\\/author\\\/soportexyz\\\/\"}]}<\/script>\n<!-- \/ Yoast SEO plugin. -->","yoast_head_json":{"title":"Quem somos - El Mejor Jam\u00f3n","robots":{"index":"index","follow":"follow","max-snippet":"max-snippet:-1","max-image-preview":"max-image-preview:large","max-video-preview":"max-video-preview:-1"},"canonical":"https:\/\/elmejorjamon.es\/pt\/quem-somos\/","og_locale":"pt_PT","og_type":"article","og_title":"Quem somos - El Mejor Jam\u00f3n","og_description":"A Valls Alimentaci\u00f3n dedica-se \u00e0 venda e distribui\u00e7\u00e3o de produtos alimentares h\u00e1 mais de 40 anos. Dispomos de instala\u00e7\u00f5es modernas com um armaz\u00e9m refrigerado polivalente e uma cave de presuntos com temperatura e humidade controladas. Valls Alimentaci\u00f3n, S.L. Hortel\u00e3, 7 Zona Industrial Tres Hermanas 03680 Aspe (Alicante) Tlf: 965463401 N.\u00ba DE IVA: B03675477","og_url":"https:\/\/elmejorjamon.es\/pt\/quem-somos\/","og_site_name":"El Mejor Jam\u00f3n","article_publisher":"https:\/\/www.facebook.com\/elmejorjamonweb","article_published_time":"2019-04-23T10:43:43+00:00","article_modified_time":"2025-07-17T12:12:39+00:00","og_image":[{"width":1000,"height":321,"url":"https:\/\/elmejorjamon.es\/wp-content\/uploads\/2019\/04\/bodega.jpg","type":"image\/jpeg"}],"author":"soportexyz","twitter_card":"summary_large_image","twitter_creator":"@elmejorjamonweb","twitter_site":"@elmejorjamonweb","twitter_misc":{"Escrito por":"soportexyz","Tempo estimado de leitura":"1 minuto"},"schema":{"@context":"https:\/\/schema.org","@graph":[{"@type":"Article","@id":"https:\/\/elmejorjamon.es\/pt\/quem-somos\/#article","isPartOf":{"@id":"https:\/\/elmejorjamon.es\/pt\/quem-somos\/"},"author":{"name":"soportexyz","@id":"https:\/\/elmejorjamon.es\/#\/schema\/person\/e07d5d3a623f96512748ce128999ac6b"},"headline":"Quem somos","datePublished":"2019-04-23T10:43:43+00:00","dateModified":"2025-07-17T12:12:39+00:00","mainEntityOfPage":{"@id":"https:\/\/elmejorjamon.es\/pt\/quem-somos\/"},"wordCount":56,"publisher":{"@id":"https:\/\/elmejorjamon.es\/#organization"},"image":{"@id":"https:\/\/elmejorjamon.es\/pt\/quem-somos\/#primaryimage"},"thumbnailUrl":"https:\/\/elmejorjamon.es\/wp-content\/uploads\/2019\/04\/bodega.jpg","articleSection":["Come\u00e7ar"],"inLanguage":"pt-PT"},{"@type":"WebPage","@id":"https:\/\/elmejorjamon.es\/pt\/quem-somos\/","url":"https:\/\/elmejorjamon.es\/pt\/quem-somos\/","name":"Quem somos - El Mejor Jam\u00f3n","isPartOf":{"@id":"https:\/\/elmejorjamon.es\/#website"},"primaryImageOfPage":{"@id":"https:\/\/elmejorjamon.es\/pt\/quem-somos\/#primaryimage"},"image":{"@id":"https:\/\/elmejorjamon.es\/pt\/quem-somos\/#primaryimage"},"thumbnailUrl":"https:\/\/elmejorjamon.es\/wp-content\/uploads\/2019\/04\/bodega.jpg","datePublished":"2019-04-23T10:43:43+00:00","dateModified":"2025-07-17T12:12:39+00:00","breadcrumb":{"@id":"https:\/\/elmejorjamon.es\/pt\/quem-somos\/#breadcrumb"},"inLanguage":"pt-PT","potentialAction":[{"@type":"ReadAction","target":["https:\/\/elmejorjamon.es\/pt\/quem-somos\/"]}]},{"@type":"ImageObject","inLanguage":"pt-PT","@id":"https:\/\/elmejorjamon.es\/pt\/quem-somos\/#primaryimage","url":"https:\/\/elmejorjamon.es\/wp-content\/uploads\/2019\/04\/bodega.jpg","contentUrl":"https:\/\/elmejorjamon.es\/wp-content\/uploads\/2019\/04\/bodega.jpg"},{"@type":"BreadcrumbList","@id":"https:\/\/elmejorjamon.es\/pt\/quem-somos\/#breadcrumb","itemListElement":[{"@type":"ListItem","position":1,"name":"Portada","item":"https:\/\/elmejorjamon.es\/pt\/"},{"@type":"ListItem","position":2,"name":"Quem somos"}]},{"@type":"WebSite","@id":"https:\/\/elmejorjamon.es\/#website","url":"https:\/\/elmejorjamon.es\/","name":"El Mejor Jam\u00f3n","description":"Comprar jamones y embutidos a buen precio","publisher":{"@id":"https:\/\/elmejorjamon.es\/#organization"},"potentialAction":[{"@type":"SearchAction","target":{"@type":"EntryPoint","urlTemplate":"https:\/\/elmejorjamon.es\/?s={search_term_string}"},"query-input":{"@type":"PropertyValueSpecification","valueRequired":true,"valueName":"search_term_string"}}],"inLanguage":"pt-PT"},{"@type":"Organization","@id":"https:\/\/elmejorjamon.es\/#organization","name":"El Mejor Jam\u00f3n","url":"https:\/\/elmejorjamon.es\/","logo":{"@type":"ImageObject","inLanguage":"pt-PT","@id":"https:\/\/elmejorjamon.es\/#\/schema\/logo\/image\/","url":"https:\/\/elmejorjamon.es\/wp-content\/uploads\/2025\/01\/logocorreos.png","contentUrl":"https:\/\/elmejorjamon.es\/wp-content\/uploads\/2025\/01\/logocorreos.png","width":277,"height":200,"caption":"El Mejor Jam\u00f3n"},"image":{"@id":"https:\/\/elmejorjamon.es\/#\/schema\/logo\/image\/"},"sameAs":["https:\/\/www.facebook.com\/elmejorjamonweb","https:\/\/x.com\/elmejorjamonweb","https:\/\/www.instagram.com\/elmejorjamonweb\/"]},{"@type":"Person","@id":"https:\/\/elmejorjamon.es\/#\/schema\/person\/e07d5d3a623f96512748ce128999ac6b","name":"soportexyz","image":{"@type":"ImageObject","inLanguage":"pt-PT","@id":"https:\/\/secure.gravatar.com\/avatar\/0505f46ac799f829518e90f77802a1a1def1b52f67b32fcfa664f1446aee3f69?s=96&d=mm&r=g","url":"https:\/\/secure.gravatar.com\/avatar\/0505f46ac799f829518e90f77802a1a1def1b52f67b32fcfa664f1446aee3f69?s=96&d=mm&r=g","contentUrl":"https:\/\/secure.gravatar.com\/avatar\/0505f46ac799f829518e90f77802a1a1def1b52f67b32fcfa664f1446aee3f69?s=96&d=mm&r=g","caption":"soportexyz"},"url":"https:\/\/elmejorjamon.es\/pt\/author\/soportexyz\/"}]}},"_links":{"self":[{"href":"https:\/\/elmejorjamon.es\/pt\/wp-json\/wp\/v2\/posts\/14486","targetHints":{"allow":["GET"]}}],"collection":[{"href":"https:\/\/elmejorjamon.es\/pt\/wp-json\/wp\/v2\/posts"}],"about":[{"href":"https:\/\/elmejorjamon.es\/pt\/wp-json\/wp\/v2\/types\/post"}],"author":[{"embeddable":true,"href":"https:\/\/elmejorjamon.es\/pt\/wp-json\/wp\/v2\/users\/2"}],"replies":[{"embeddable":true,"href":"https:\/\/elmejorjamon.es\/pt\/wp-json\/wp\/v2\/comments?post=14486"}],"version-history":[{"count":0,"href":"https:\/\/elmejorjamon.es\/pt\/wp-json\/wp\/v2\/posts\/14486\/revisions"}],"wp:attachment":[{"href":"https:\/\/elmejorjamon.es\/pt\/wp-json\/wp\/v2\/media?parent=14486"}],"wp:term":[{"taxonomy":"category","embeddable":true,"href":"https:\/\/elmejorjamon.es\/pt\/wp-json\/wp\/v2\/categories?post=14486"},{"taxonomy":"post_tag","embeddable":true,"href":"https:\/\/elmejorjamon.es\/pt\/wp-json\/wp\/v2\/tags?post=14486"}],"curies":[{"name":"wp","href":"https:\/\/api.w.org\/{rel}","templated":true}]}}