{"id":63,"date":"2019-04-23T12:43:43","date_gmt":"2019-04-23T10:43:43","guid":{"rendered":"https:\/\/nueva.elmejorjamon.es\/environnement\/"},"modified":"2025-05-07T10:48:48","modified_gmt":"2025-05-07T08:48:48","slug":"environnement","status":"publish","type":"post","link":"https:\/\/elmejorjamon.es\/fr\/environnement\/","title":{"rendered":"Environnement"},"content":{"rendered":"<p>Notre engagement pour l&rsquo;environnement :<\/p>\n<p>L&rsquo;engagement de l&rsquo;entreprise envers l&rsquo;utilisation rationnelle de ses ressources et la pr\u00e9vention de la contamination l&rsquo;am\u00e8ne \u00e0 int\u00e9grer des am\u00e9liorations continues \u00e0 toutes les \u00e9tapes du cycle de vie de ses produits. Avec cet objectif, Valls Alimentaci\u00f3n, S.L., s&rsquo;engage dans l&rsquo;\u00e9nergie solaire avec des panneaux solaires sur le toit plat de ses installations. Une initiative qui fournit une puissance estim\u00e9e \u00e0 16,83 kW, ce qui signifiera une \u00e9conomie annuelle de 1,39 tep\/an d&rsquo;\u00e9nergie consomm\u00e9e dans ces installations.<\/p>\n<p>Projet soutenu par des bourses IVACE cofinanc\u00e9es par l&rsquo;Union europ\u00e9enne dans le cadre du<\/p>\n<p>Programme Op\u00e9rationnel FEDER de la Communaut\u00e9 Valencienne 2021-2027 :<\/p>\n<p>&#8211; Installation Photovolta\u00efque Autoconsommation de 16,83 kWc, \u00e0 travers l&rsquo;installation de panneaux solaires photovolta\u00efques afin de r\u00e9duire la consommation d&rsquo;\u00e9nergie pr\u00e9lev\u00e9e sur le r\u00e9seau \u00e9lectrique et ainsi r\u00e9duire les \u00e9missions de CO2 \u00e9mises dans l&rsquo;atmosph\u00e8re.<\/p>\n<p>\u2022 Objectif : Aide visant \u00e0 promouvoir les installations d&rsquo;autoconsommation d&rsquo;\u00e9lectricit\u00e9.<\/p>\n<p>\u2022 \u00c9conomies d&rsquo;\u00e9nergie annuelles : 1,39 tep\/an<\/p>\n<p>\u2022 \u00c9conomies d&rsquo;\u00e9missions annuelles de GES : 5,65 tCO2<\/p>\n<p>\u2022 \u00c9tat de traitement : accord\u00e9<\/p>\n<p>\u2022 Investissement total r\u00e9alis\u00e9 : 12 598,22 \u20ac<\/p>\n<p>\u2022 Subvention accord\u00e9e : 5 163,46 \u20ac<\/p>\n<p><img loading=\"lazy\" decoding=\"async\" class=\"alignnone wp-image-17445 size-full\" src=\"https:\/\/elmejorjamon.es\/wp-content\/uploads\/2025\/02\/logoivace.png\" alt=\"\" width=\"600\" height=\"62\" srcset=\"https:\/\/elmejorjamon.es\/wp-content\/uploads\/2025\/02\/logoivace.png 600w, https:\/\/elmejorjamon.es\/wp-content\/uploads\/2025\/02\/logoivace-480x50.png 480w\" sizes=\"(min-width: 0px) and (max-width: 480px) 480px, (min-width: 481px) 600px, 100vw\" \/><\/p>\n","protected":false},"excerpt":{"rendered":"<p>Notre engagement pour l&rsquo;environnement : L&rsquo;engagement de l&rsquo;entreprise envers l&rsquo;utilisation rationnelle de ses ressources et la pr\u00e9vention de la contamination l&rsquo;am\u00e8ne \u00e0 int\u00e9grer des am\u00e9liorations continues \u00e0 toutes les \u00e9tapes du cycle de vie de ses produits. Avec cet objectif, Valls Alimentaci\u00f3n, S.L., s&rsquo;engage dans l&rsquo;\u00e9nergie solaire avec des panneaux solaires sur le toit plat [&hellip;]<\/p>\n","protected":false},"author":2,"featured_media":0,"comment_status":"closed","ping_status":"open","sticky":false,"template":"","format":"standard","meta":{"_et_pb_use_builder":"","_et_pb_old_content":"","_et_gb_content_width":"","_sitemap_exclude":false,"_sitemap_priority":"","_sitemap_frequency":"","footnotes":""},"categories":[787],"tags":[],"class_list":["post-63","post","type-post","status-publish","format-standard","hentry","category-accueil-fr"],"yoast_head":"<!-- This site is optimized with the Yoast SEO plugin v27.4 - https:\/\/yoast.com\/product\/yoast-seo-wordpress\/ -->\n<title>Environnement - El Mejor Jam\u00f3n<\/title>\n<meta name=\"robots\" content=\"index, follow, max-snippet:-1, max-image-preview:large, max-video-preview:-1\" \/>\n<link rel=\"canonical\" href=\"https:\/\/elmejorjamon.es\/fr\/environnement\/\" \/>\n<meta property=\"og:locale\" content=\"fr_FR\" \/>\n<meta property=\"og:type\" content=\"article\" \/>\n<meta property=\"og:title\" content=\"Environnement - El Mejor Jam\u00f3n\" \/>\n<meta property=\"og:description\" content=\"Notre engagement pour l&rsquo;environnement : L&rsquo;engagement de l&rsquo;entreprise envers l&rsquo;utilisation rationnelle de ses ressources et la pr\u00e9vention de la contamination l&rsquo;am\u00e8ne \u00e0 int\u00e9grer des am\u00e9liorations continues \u00e0 toutes les \u00e9tapes du cycle de vie de ses produits. Avec cet objectif, Valls Alimentaci\u00f3n, S.L., s&rsquo;engage dans l&rsquo;\u00e9nergie solaire avec des panneaux solaires sur le toit plat [&hellip;]\" \/>\n<meta property=\"og:url\" content=\"https:\/\/elmejorjamon.es\/fr\/environnement\/\" \/>\n<meta property=\"og:site_name\" content=\"El Mejor Jam\u00f3n\" \/>\n<meta property=\"article:publisher\" content=\"https:\/\/www.facebook.com\/elmejorjamonweb\" \/>\n<meta property=\"article:published_time\" content=\"2019-04-23T10:43:43+00:00\" \/>\n<meta property=\"article:modified_time\" content=\"2025-05-07T08:48:48+00:00\" \/>\n<meta property=\"og:image\" content=\"https:\/\/elmejorjamon.es\/wp-content\/uploads\/2025\/02\/logoivace.png\" \/>\n\t<meta property=\"og:image:width\" content=\"600\" \/>\n\t<meta property=\"og:image:height\" content=\"62\" \/>\n\t<meta property=\"og:image:type\" content=\"image\/png\" \/>\n<meta name=\"author\" content=\"soportexyz\" \/>\n<meta name=\"twitter:card\" content=\"summary_large_image\" \/>\n<meta name=\"twitter:creator\" content=\"@elmejorjamonweb\" \/>\n<meta name=\"twitter:site\" content=\"@elmejorjamonweb\" \/>\n<meta name=\"twitter:label1\" content=\"\u00c9crit par\" \/>\n\t<meta name=\"twitter:data1\" content=\"soportexyz\" \/>\n\t<meta name=\"twitter:label2\" content=\"Dur\u00e9e de lecture estim\u00e9e\" \/>\n\t<meta name=\"twitter:data2\" content=\"2 minutes\" \/>\n<script type=\"application\/ld+json\" class=\"yoast-schema-graph\">{\"@context\":\"https:\\\/\\\/schema.org\",\"@graph\":[{\"@type\":\"Article\",\"@id\":\"https:\\\/\\\/elmejorjamon.es\\\/fr\\\/environnement\\\/#article\",\"isPartOf\":{\"@id\":\"https:\\\/\\\/elmejorjamon.es\\\/fr\\\/environnement\\\/\"},\"author\":{\"name\":\"soportexyz\",\"@id\":\"https:\\\/\\\/elmejorjamon.es\\\/#\\\/schema\\\/person\\\/e07d5d3a623f96512748ce128999ac6b\"},\"headline\":\"Environnement\",\"datePublished\":\"2019-04-23T10:43:43+00:00\",\"dateModified\":\"2025-05-07T08:48:48+00:00\",\"mainEntityOfPage\":{\"@id\":\"https:\\\/\\\/elmejorjamon.es\\\/fr\\\/environnement\\\/\"},\"wordCount\":198,\"publisher\":{\"@id\":\"https:\\\/\\\/elmejorjamon.es\\\/#organization\"},\"image\":{\"@id\":\"https:\\\/\\\/elmejorjamon.es\\\/fr\\\/environnement\\\/#primaryimage\"},\"thumbnailUrl\":\"https:\\\/\\\/elmejorjamon.es\\\/wp-content\\\/uploads\\\/2025\\\/02\\\/logoivace.png\",\"articleSection\":[\"Accueil\"],\"inLanguage\":\"fr-FR\"},{\"@type\":\"WebPage\",\"@id\":\"https:\\\/\\\/elmejorjamon.es\\\/fr\\\/environnement\\\/\",\"url\":\"https:\\\/\\\/elmejorjamon.es\\\/fr\\\/environnement\\\/\",\"name\":\"Environnement - El Mejor Jam\u00f3n\",\"isPartOf\":{\"@id\":\"https:\\\/\\\/elmejorjamon.es\\\/#website\"},\"primaryImageOfPage\":{\"@id\":\"https:\\\/\\\/elmejorjamon.es\\\/fr\\\/environnement\\\/#primaryimage\"},\"image\":{\"@id\":\"https:\\\/\\\/elmejorjamon.es\\\/fr\\\/environnement\\\/#primaryimage\"},\"thumbnailUrl\":\"https:\\\/\\\/elmejorjamon.es\\\/wp-content\\\/uploads\\\/2025\\\/02\\\/logoivace.png\",\"datePublished\":\"2019-04-23T10:43:43+00:00\",\"dateModified\":\"2025-05-07T08:48:48+00:00\",\"breadcrumb\":{\"@id\":\"https:\\\/\\\/elmejorjamon.es\\\/fr\\\/environnement\\\/#breadcrumb\"},\"inLanguage\":\"fr-FR\",\"potentialAction\":[{\"@type\":\"ReadAction\",\"target\":[\"https:\\\/\\\/elmejorjamon.es\\\/fr\\\/environnement\\\/\"]}]},{\"@type\":\"ImageObject\",\"inLanguage\":\"fr-FR\",\"@id\":\"https:\\\/\\\/elmejorjamon.es\\\/fr\\\/environnement\\\/#primaryimage\",\"url\":\"https:\\\/\\\/elmejorjamon.es\\\/wp-content\\\/uploads\\\/2025\\\/02\\\/logoivace.png\",\"contentUrl\":\"https:\\\/\\\/elmejorjamon.es\\\/wp-content\\\/uploads\\\/2025\\\/02\\\/logoivace.png\"},{\"@type\":\"BreadcrumbList\",\"@id\":\"https:\\\/\\\/elmejorjamon.es\\\/fr\\\/environnement\\\/#breadcrumb\",\"itemListElement\":[{\"@type\":\"ListItem\",\"position\":1,\"name\":\"Portada\",\"item\":\"https:\\\/\\\/elmejorjamon.es\\\/fr\\\/\"},{\"@type\":\"ListItem\",\"position\":2,\"name\":\"Environnement\"}]},{\"@type\":\"WebSite\",\"@id\":\"https:\\\/\\\/elmejorjamon.es\\\/#website\",\"url\":\"https:\\\/\\\/elmejorjamon.es\\\/\",\"name\":\"El Mejor Jam\u00f3n\",\"description\":\"Comprar jamones y embutidos a buen precio\",\"publisher\":{\"@id\":\"https:\\\/\\\/elmejorjamon.es\\\/#organization\"},\"potentialAction\":[{\"@type\":\"SearchAction\",\"target\":{\"@type\":\"EntryPoint\",\"urlTemplate\":\"https:\\\/\\\/elmejorjamon.es\\\/?s={search_term_string}\"},\"query-input\":{\"@type\":\"PropertyValueSpecification\",\"valueRequired\":true,\"valueName\":\"search_term_string\"}}],\"inLanguage\":\"fr-FR\"},{\"@type\":\"Organization\",\"@id\":\"https:\\\/\\\/elmejorjamon.es\\\/#organization\",\"name\":\"El Mejor Jam\u00f3n\",\"url\":\"https:\\\/\\\/elmejorjamon.es\\\/\",\"logo\":{\"@type\":\"ImageObject\",\"inLanguage\":\"fr-FR\",\"@id\":\"https:\\\/\\\/elmejorjamon.es\\\/#\\\/schema\\\/logo\\\/image\\\/\",\"url\":\"https:\\\/\\\/elmejorjamon.es\\\/wp-content\\\/uploads\\\/2025\\\/01\\\/logocorreos.png\",\"contentUrl\":\"https:\\\/\\\/elmejorjamon.es\\\/wp-content\\\/uploads\\\/2025\\\/01\\\/logocorreos.png\",\"width\":277,\"height\":200,\"caption\":\"El Mejor Jam\u00f3n\"},\"image\":{\"@id\":\"https:\\\/\\\/elmejorjamon.es\\\/#\\\/schema\\\/logo\\\/image\\\/\"},\"sameAs\":[\"https:\\\/\\\/www.facebook.com\\\/elmejorjamonweb\",\"https:\\\/\\\/x.com\\\/elmejorjamonweb\",\"https:\\\/\\\/www.instagram.com\\\/elmejorjamonweb\\\/\"]},{\"@type\":\"Person\",\"@id\":\"https:\\\/\\\/elmejorjamon.es\\\/#\\\/schema\\\/person\\\/e07d5d3a623f96512748ce128999ac6b\",\"name\":\"soportexyz\",\"image\":{\"@type\":\"ImageObject\",\"inLanguage\":\"fr-FR\",\"@id\":\"https:\\\/\\\/secure.gravatar.com\\\/avatar\\\/0505f46ac799f829518e90f77802a1a1def1b52f67b32fcfa664f1446aee3f69?s=96&d=mm&r=g\",\"url\":\"https:\\\/\\\/secure.gravatar.com\\\/avatar\\\/0505f46ac799f829518e90f77802a1a1def1b52f67b32fcfa664f1446aee3f69?s=96&d=mm&r=g\",\"contentUrl\":\"https:\\\/\\\/secure.gravatar.com\\\/avatar\\\/0505f46ac799f829518e90f77802a1a1def1b52f67b32fcfa664f1446aee3f69?s=96&d=mm&r=g\",\"caption\":\"soportexyz\"},\"url\":\"https:\\\/\\\/elmejorjamon.es\\\/fr\\\/author\\\/soportexyz\\\/\"}]}<\/script>\n<!-- \/ Yoast SEO plugin. -->","yoast_head_json":{"title":"Environnement - El Mejor Jam\u00f3n","robots":{"index":"index","follow":"follow","max-snippet":"max-snippet:-1","max-image-preview":"max-image-preview:large","max-video-preview":"max-video-preview:-1"},"canonical":"https:\/\/elmejorjamon.es\/fr\/environnement\/","og_locale":"fr_FR","og_type":"article","og_title":"Environnement - El Mejor Jam\u00f3n","og_description":"Notre engagement pour l&rsquo;environnement : L&rsquo;engagement de l&rsquo;entreprise envers l&rsquo;utilisation rationnelle de ses ressources et la pr\u00e9vention de la contamination l&rsquo;am\u00e8ne \u00e0 int\u00e9grer des am\u00e9liorations continues \u00e0 toutes les \u00e9tapes du cycle de vie de ses produits. Avec cet objectif, Valls Alimentaci\u00f3n, S.L., s&rsquo;engage dans l&rsquo;\u00e9nergie solaire avec des panneaux solaires sur le toit plat [&hellip;]","og_url":"https:\/\/elmejorjamon.es\/fr\/environnement\/","og_site_name":"El Mejor Jam\u00f3n","article_publisher":"https:\/\/www.facebook.com\/elmejorjamonweb","article_published_time":"2019-04-23T10:43:43+00:00","article_modified_time":"2025-05-07T08:48:48+00:00","og_image":[{"width":600,"height":62,"url":"https:\/\/elmejorjamon.es\/wp-content\/uploads\/2025\/02\/logoivace.png","type":"image\/png"}],"author":"soportexyz","twitter_card":"summary_large_image","twitter_creator":"@elmejorjamonweb","twitter_site":"@elmejorjamonweb","twitter_misc":{"\u00c9crit par":"soportexyz","Dur\u00e9e de lecture estim\u00e9e":"2 minutes"},"schema":{"@context":"https:\/\/schema.org","@graph":[{"@type":"Article","@id":"https:\/\/elmejorjamon.es\/fr\/environnement\/#article","isPartOf":{"@id":"https:\/\/elmejorjamon.es\/fr\/environnement\/"},"author":{"name":"soportexyz","@id":"https:\/\/elmejorjamon.es\/#\/schema\/person\/e07d5d3a623f96512748ce128999ac6b"},"headline":"Environnement","datePublished":"2019-04-23T10:43:43+00:00","dateModified":"2025-05-07T08:48:48+00:00","mainEntityOfPage":{"@id":"https:\/\/elmejorjamon.es\/fr\/environnement\/"},"wordCount":198,"publisher":{"@id":"https:\/\/elmejorjamon.es\/#organization"},"image":{"@id":"https:\/\/elmejorjamon.es\/fr\/environnement\/#primaryimage"},"thumbnailUrl":"https:\/\/elmejorjamon.es\/wp-content\/uploads\/2025\/02\/logoivace.png","articleSection":["Accueil"],"inLanguage":"fr-FR"},{"@type":"WebPage","@id":"https:\/\/elmejorjamon.es\/fr\/environnement\/","url":"https:\/\/elmejorjamon.es\/fr\/environnement\/","name":"Environnement - El Mejor Jam\u00f3n","isPartOf":{"@id":"https:\/\/elmejorjamon.es\/#website"},"primaryImageOfPage":{"@id":"https:\/\/elmejorjamon.es\/fr\/environnement\/#primaryimage"},"image":{"@id":"https:\/\/elmejorjamon.es\/fr\/environnement\/#primaryimage"},"thumbnailUrl":"https:\/\/elmejorjamon.es\/wp-content\/uploads\/2025\/02\/logoivace.png","datePublished":"2019-04-23T10:43:43+00:00","dateModified":"2025-05-07T08:48:48+00:00","breadcrumb":{"@id":"https:\/\/elmejorjamon.es\/fr\/environnement\/#breadcrumb"},"inLanguage":"fr-FR","potentialAction":[{"@type":"ReadAction","target":["https:\/\/elmejorjamon.es\/fr\/environnement\/"]}]},{"@type":"ImageObject","inLanguage":"fr-FR","@id":"https:\/\/elmejorjamon.es\/fr\/environnement\/#primaryimage","url":"https:\/\/elmejorjamon.es\/wp-content\/uploads\/2025\/02\/logoivace.png","contentUrl":"https:\/\/elmejorjamon.es\/wp-content\/uploads\/2025\/02\/logoivace.png"},{"@type":"BreadcrumbList","@id":"https:\/\/elmejorjamon.es\/fr\/environnement\/#breadcrumb","itemListElement":[{"@type":"ListItem","position":1,"name":"Portada","item":"https:\/\/elmejorjamon.es\/fr\/"},{"@type":"ListItem","position":2,"name":"Environnement"}]},{"@type":"WebSite","@id":"https:\/\/elmejorjamon.es\/#website","url":"https:\/\/elmejorjamon.es\/","name":"El Mejor Jam\u00f3n","description":"Comprar jamones y embutidos a buen precio","publisher":{"@id":"https:\/\/elmejorjamon.es\/#organization"},"potentialAction":[{"@type":"SearchAction","target":{"@type":"EntryPoint","urlTemplate":"https:\/\/elmejorjamon.es\/?s={search_term_string}"},"query-input":{"@type":"PropertyValueSpecification","valueRequired":true,"valueName":"search_term_string"}}],"inLanguage":"fr-FR"},{"@type":"Organization","@id":"https:\/\/elmejorjamon.es\/#organization","name":"El Mejor Jam\u00f3n","url":"https:\/\/elmejorjamon.es\/","logo":{"@type":"ImageObject","inLanguage":"fr-FR","@id":"https:\/\/elmejorjamon.es\/#\/schema\/logo\/image\/","url":"https:\/\/elmejorjamon.es\/wp-content\/uploads\/2025\/01\/logocorreos.png","contentUrl":"https:\/\/elmejorjamon.es\/wp-content\/uploads\/2025\/01\/logocorreos.png","width":277,"height":200,"caption":"El Mejor Jam\u00f3n"},"image":{"@id":"https:\/\/elmejorjamon.es\/#\/schema\/logo\/image\/"},"sameAs":["https:\/\/www.facebook.com\/elmejorjamonweb","https:\/\/x.com\/elmejorjamonweb","https:\/\/www.instagram.com\/elmejorjamonweb\/"]},{"@type":"Person","@id":"https:\/\/elmejorjamon.es\/#\/schema\/person\/e07d5d3a623f96512748ce128999ac6b","name":"soportexyz","image":{"@type":"ImageObject","inLanguage":"fr-FR","@id":"https:\/\/secure.gravatar.com\/avatar\/0505f46ac799f829518e90f77802a1a1def1b52f67b32fcfa664f1446aee3f69?s=96&d=mm&r=g","url":"https:\/\/secure.gravatar.com\/avatar\/0505f46ac799f829518e90f77802a1a1def1b52f67b32fcfa664f1446aee3f69?s=96&d=mm&r=g","contentUrl":"https:\/\/secure.gravatar.com\/avatar\/0505f46ac799f829518e90f77802a1a1def1b52f67b32fcfa664f1446aee3f69?s=96&d=mm&r=g","caption":"soportexyz"},"url":"https:\/\/elmejorjamon.es\/fr\/author\/soportexyz\/"}]}},"_links":{"self":[{"href":"https:\/\/elmejorjamon.es\/fr\/wp-json\/wp\/v2\/posts\/63","targetHints":{"allow":["GET"]}}],"collection":[{"href":"https:\/\/elmejorjamon.es\/fr\/wp-json\/wp\/v2\/posts"}],"about":[{"href":"https:\/\/elmejorjamon.es\/fr\/wp-json\/wp\/v2\/types\/post"}],"author":[{"embeddable":true,"href":"https:\/\/elmejorjamon.es\/fr\/wp-json\/wp\/v2\/users\/2"}],"replies":[{"embeddable":true,"href":"https:\/\/elmejorjamon.es\/fr\/wp-json\/wp\/v2\/comments?post=63"}],"version-history":[{"count":0,"href":"https:\/\/elmejorjamon.es\/fr\/wp-json\/wp\/v2\/posts\/63\/revisions"}],"wp:attachment":[{"href":"https:\/\/elmejorjamon.es\/fr\/wp-json\/wp\/v2\/media?parent=63"}],"wp:term":[{"taxonomy":"category","embeddable":true,"href":"https:\/\/elmejorjamon.es\/fr\/wp-json\/wp\/v2\/categories?post=63"},{"taxonomy":"post_tag","embeddable":true,"href":"https:\/\/elmejorjamon.es\/fr\/wp-json\/wp\/v2\/tags?post=63"}],"curies":[{"name":"wp","href":"https:\/\/api.w.org\/{rel}","templated":true}]}}